{"provider_url": "https://www.quatis.rj.leg.br", "title": "Setembro Amarelo - Valorize a Vida!", "html": "<p><b>VOC\u00ca SABIA? <br /> </b><i>Lei Municipal n\u00ba1.069 de 05 de julho de 2019</i></p>\r\n<p>Em julho de 2019 foi criada a Lei n\u00ba 1.069 que institui a campanha municipal de preven\u00e7\u00e3o ao suic\u00eddio \u201cSetembro Amarelo\u201d no munic\u00edpio de Quatis.</p>\r\n<p>A campanha dever\u00e1 ser realizada anualmente, durante o m\u00eas de setembro, com o intuito de informar, esclarecer e principalmente mobilizar a sociedade civil sobre a preven\u00e7\u00e3o do suic\u00eddio, ressaltando que no dia 10 de setembro \u00e9 considerado Dia Mundial de Preven\u00e7\u00e3o ao Suic\u00eddio.</p>\r\n<p>A elabora\u00e7\u00e3o da campanha fica a cargo do Poder Executivo, que deve fomentar no munic\u00edpio a conscientiza\u00e7\u00e3o com palestras, semin\u00e1rios, entre outras atividades pertinentes.</p>\r\n<p>O projeto de Lei \u00e9 de autoria do vereador Edimilson de Oliveira Silva.</p>\r\n<p>Fique por dentro da Legisla\u00e7\u00e3o Municipal, todas as Leis encontram-se dispon\u00edveis nesta p\u00e1gina, na aba Leis.\u00a0</p>", "author_name": "", "version": "1.0", "author_url": "https://www.quatis.rj.leg.br/author/adm", "provider_name": "C\u00e2mara Municipal de Quatis", "type": "rich"}