{"provider_url": "https://www.quatis.rj.leg.br", "title": "Reuni\u00e3o importante na C\u00e2mara de Quatis!", "html": "<p><span>\u2705 Reuni\u00e3o importante na C\u00e2mara de Quatis!</span><br /><br /><span>Nesta ter\u00e7a-feira (24/06), os vereadores Alex Miller Alves D\u2019Elias e Leandro Carvalho de Sant\u2019Anna participaram de um encontro com representantes do Cart\u00f3rio e do ITERJ (Instituto de Terras e Cartografia do RJ).</span><br /><br /><span>\ud83d\udccc Em pauta: regulariza\u00e7\u00e3o fundi\u00e1ria e parcerias institucionais para melhorar a documenta\u00e7\u00e3o e organiza\u00e7\u00e3o territorial do nosso munic\u00edpio.</span><br /><br /><span>\ud83e\udd1d A uni\u00e3o entre poder p\u00fablico e institui\u00e7\u00f5es refor\u00e7a o compromisso com o desenvolvimento urbano e a cidadania em Quatis!</span><br /><br /><a class=\"x1i10hfl xjbqb8w x1ejq31n x18oe1m7 x1sy0etr xstzfhl x972fbf x10w94by x1qhh985 x14e42zd x9f619 x1ypdohk xt0psk2 xe8uvvx xdj266r x14z9mp xat24cr x1lziwak xexx8yu xyri2b x18d9i69 x1c1uobl x16tdsg8 x1hl2dhg xggy1nq x1a2a7pz  _aa9_ _a6hd\" href=\"https://www.instagram.com/explore/tags/quatis/\" tabindex=\"0\">#Quatis</a><span>\u00a0</span><a class=\"x1i10hfl xjbqb8w x1ejq31n x18oe1m7 x1sy0etr xstzfhl x972fbf x10w94by x1qhh985 x14e42zd x9f619 x1ypdohk xt0psk2 xe8uvvx xdj266r x14z9mp xat24cr x1lziwak xexx8yu xyri2b x18d9i69 x1c1uobl x16tdsg8 x1hl2dhg xggy1nq x1a2a7pz  _aa9_ _a6hd\" href=\"https://www.instagram.com/explore/tags/c%C3%A2maramunicipal/\" tabindex=\"0\">#C\u00e2maraMunicipal</a><span>\u00a0</span><a class=\"x1i10hfl xjbqb8w x1ejq31n x18oe1m7 x1sy0etr xstzfhl x972fbf x10w94by x1qhh985 x14e42zd x9f619 x1ypdohk xt0psk2 xe8uvvx xdj266r x14z9mp xat24cr x1lziwak xexx8yu xyri2b x18d9i69 x1c1uobl x16tdsg8 x1hl2dhg xggy1nq x1a2a7pz  _aa9_ _a6hd\" href=\"https://www.instagram.com/explore/tags/regulariza%C3%A7%C3%A3ofundi%C3%A1ria/\" tabindex=\"0\">#Regulariza\u00e7\u00e3oFundi\u00e1ria</a><span>\u00a0</span><a class=\"x1i10hfl xjbqb8w x1ejq31n x18oe1m7 x1sy0etr xstzfhl x972fbf x10w94by x1qhh985 x14e42zd x9f619 x1ypdohk xt0psk2 xe8uvvx xdj266r x14z9mp xat24cr x1lziwak xexx8yu xyri2b x18d9i69 x1c1uobl x16tdsg8 x1hl2dhg xggy1nq x1a2a7pz  _aa9_ _a6hd\" href=\"https://www.instagram.com/explore/tags/iterj/\" tabindex=\"0\">#ITERJ</a><span>\u00a0</span><a class=\"x1i10hfl xjbqb8w x1ejq31n x18oe1m7 x1sy0etr xstzfhl x972fbf x10w94by x1qhh985 x14e42zd x9f619 x1ypdohk xt0psk2 xe8uvvx xdj266r x14z9mp xat24cr x1lziwak xexx8yu xyri2b x18d9i69 x1c1uobl x16tdsg8 x1hl2dhg xggy1nq x1a2a7pz  _aa9_ _a6hd\" href=\"https://www.instagram.com/explore/tags/desenvolvimentourbano/\" tabindex=\"0\">#DesenvolvimentoUrbano</a><span>\u00a0</span><a class=\"x1i10hfl xjbqb8w x1ejq31n x18oe1m7 x1sy0etr xstzfhl x972fbf x10w94by x1qhh985 x14e42zd x9f619 x1ypdohk xt0psk2 xe8uvvx xdj266r x14z9mp xat24cr x1lziwak xexx8yu xyri2b x18d9i69 x1c1uobl x16tdsg8 x1hl2dhg xggy1nq x1a2a7pz  _aa9_ _a6hd\" href=\"https://www.instagram.com/explore/tags/cidadania/\" tabindex=\"0\">#Cidadania</a></p>", "author_name": "", "version": "1.0", "author_url": "https://www.quatis.rj.leg.br/author/ascom", "provider_name": "C\u00e2mara Municipal de Quatis", "type": "rich"}