{"provider_url": "https://www.quatis.rj.leg.br", "title": "Retorno das Sess\u00f5es Legislativas", "html": "<p>A C\u00e2mara Municipal de Quatis volta a realizar suas sess\u00f5es ordin\u00e1rias a partir da pr\u00f3xima ter\u00e7a-feira, 5 de fevereiro, \u00e0s 10 horas. Este ser\u00e1 o primeiro encontro oficial do ano corrente entre os vereadores, desenvolvendo os trabalhos legislativos para o 3\u00ba per\u00edodo desta 7\u00aa legislatura.\u00a0\u00a0\u00a0\u00a0\u00a0\u00a0\u00a0\u00a0\u00a0\u00a0\u00a0\u00a0\u00a0\u00a0\u00a0\u00a0\u00a0\u00a0\u00a0\u00a0\u00a0\u00a0\u00a0\u00a0\u00a0\u00a0\u00a0\u00a0\u00a0\u00a0\u00a0\u00a0\u00a0\u00a0\u00a0\u00a0\u00a0\u00a0\u00a0\u00a0\u00a0\u00a0\u00a0\u00a0\u00a0\u00a0\u00a0\u00a0\u00a0\u00a0\u00a0\u00a0\u00a0\u00a0\u00a0\u00a0\u00a0\u00a0\u00a0\u00a0\u00a0\u00a0\u00a0\u00a0\u00a0\u00a0\u00a0\u00a0\u00a0\u00a0\u00a0\u00a0\u00a0\u00a0\u00a0\u00a0\u00a0\u00a0\u00a0\u00a0\u00a0\u00a0\u00a0\u00a0\u00a0\u00a0\u00a0\u00a0\u00a0\u00a0\u00a0\u00a0\u00a0\u00a0\u00a0\u00a0\u00a0\u00a0\u00a0\u00a0 \u00a0\u00a0\u00a0\u00a0\u00a0\u00a0\u00a0\u00a0\u00a0</p>\r\n<p>As sess\u00f5es ordin\u00e1rias da Casa de Leis acontecem \u00e0s ter\u00e7as e quintas-feiras a partir das 10h, no Plen\u00e1rio. O setor administrativo da C\u00e2mara mant\u00e9m o hor\u00e1rio de funcionamento das 8h \u00e0s 14h.\u00a0</p>", "author_name": "", "version": "1.0", "author_url": "https://www.quatis.rj.leg.br/author/adm", "provider_name": "C\u00e2mara Municipal de Quatis", "type": "rich"}