{"provider_url": "https://www.quatis.rj.leg.br", "title": "Nota de Pesar", "html": "<p><span>\u00c9 com profundo pesar que a C\u00e2mara Municipal de Quatis comunica o falecimento do ex-vereador Maur\u00edcio Almeida de Souza e decreta luto oficial por 3 dias no \u00e2mbito do Poder Legislativo. Neste momento de luto, estendemos nossos sentimentos \u00e0 fam\u00edlia enlutada e aos amigos, compartilhando da tristeza pela perda de um cidad\u00e3o que dedicou parte de sua vida ao servi\u00e7o p\u00fablico e \u00e0 nossa cidade.</span><br /><br /><span>Por respeito \u00e0 mem\u00f3ria do ex-vereador Maur\u00edcio Almeida de Souza, informamos o adiamento da 51\u00aa Sess\u00e3o Ordin\u00e1ria, originalmente agendada para hoje \u00e0s 19h.</span><br /><br /><span>Informamos que</span><br /><span>o vel\u00f3rio acontecer\u00e1 hoje a partir das 18h na C\u00e2mara Municipal de Quatis e o sepultamento est\u00e1 programado para amanh\u00e3, \u00e0s 9 horas, no Cemit\u00e9rio Municipal de Quatis.</span><br /><br /><span>Informamos tamb\u00e9m que em decorr\u00eancia do vel\u00f3rio o expediente da C\u00e2mara Municipal de Quatis amanh\u00e3 ter\u00e1 in\u00edcio \u00e0s 9 horas.</span></p>", "author_name": "", "version": "1.0", "author_url": "https://www.quatis.rj.leg.br/author/adm", "provider_name": "C\u00e2mara Municipal de Quatis", "type": "rich"}