{"provider_url": "https://www.quatis.rj.leg.br", "title": "Mulheres s\u00e3o homenageadas na C\u00e2mara ", "html": "<p>Na 13\u00aa sess\u00e3o ordin\u00e1ria, em 28 de mar\u00e7o, os vereadores de Quatis entregaram a Mo\u00e7\u00e3o de Congratula\u00e7\u00e3o Rosa Idalina Nunes de Macedo \u00e0s mulheres de destaque no munic\u00edpio.</p>\r\n<p>A Mo\u00e7\u00e3o de Congratula\u00e7\u00e3o Rosa Idalina Nunes de Macedo foi criada por meio da Resolu\u00e7\u00e3o n\u00ba 001 de 2019 com o intuito de homenagear mulheres que notoriamente se destacam como exemplos na sociedade quatiense. Cada vereador da C\u00e2mara Municipal de Quatis \u00e9 respons\u00e1vel pela indica\u00e7\u00e3o de uma agraciada.</p>\r\n<p>A homenagem nomeada Rosa Idalina Nunes de Macedo faz refer\u00eancia a saudosa mun\u00edcipe que foi uma grande protagonista social em Quatis, nascida em 09 de mar\u00e7o de 1952, filha de Afonso Alves Teixeira e Maria Aparecida Alves. Rosa sempre se destacou como l\u00edder comunit\u00e1ria, sendo respons\u00e1vel direta pela implanta\u00e7\u00e3o da creche comunit\u00e1ria, da capela S\u00e3o Francisco de Assis e da Associa\u00e7\u00e3o de moradores do bairro Nossa Senhora do Ros\u00e1rio.</p>\r\n<p>Pelo seu carisma e esp\u00edrito empreendedor foi eleita vereadora logo na 1\u00aa Legislatura em 1992, sendo a primeira mulher representante do Legislativo em Quatis, atuante nas Comiss\u00f5es Permanente da C\u00e2mara, trabalhou com presteza para o munic\u00edpio. Rosa faleceu prematuramente em 07 de setembro de 1995, deixando 03 filhos e tamb\u00e9m um grande legado na sociedade.</p>\r\n<p>Sendo assim, um nome de m\u00e9rito e prest\u00edgio para ilustrar esta homenagem no m\u00eas das mulheres. Estiveram presentes representando a fam\u00edlia de Rosa, o vi\u00favo Hugo Bastos Macedo e tamb\u00e9m um dos filhos, Hugo Bastos Macedo Filho.</p>\r\n<p>As homenageadas com a Mo\u00e7\u00e3o de Congratula\u00e7\u00e3o s\u00e3o as seguintes:</p>\r\n<p>Rosa Maria dos Santos \u2013 indicada pelo ver. Alu\u00edsio Max Alves d\u2019Elias<br /> Ana Claudia Cottas Silva \u2013 indicada pelo ver. Edimilson de Oliveira Silva<br /> Ana de Lourdes Oliveira Silva \u2013 indicada pelo ver. Emerson Oliveira de Almeida<br /> Alcifrina Zuleica da Silva \u2013 indicada pelo ver. Jos\u00e9 Jadenilso da Silva <br /> Isaura Maria da Silva Medeiros \u2013 indicada pelo ver. Luiz Fernando Nascimento Faria<br /> Cl\u00e9ia Fideles de Oliveira \u2013 indicada pela ver. Marcela da Silva Fonseca Meyer<br /> Nanci Dulci do Carmo \u2013 indicada pelo ver. Tadeu Jos\u00e9 de Paula Silva<br /> Maria Silvania \u2013 indicada pelo ver. Paulo Vitor da Silva<br /> Maria de F\u00e1tima Campbell Franco \u2013 indicada pelo ver. Fl\u00e1vio Florentino</p>\r\n<p>\u00a0</p>\r\n<p><i>Resolu\u00e7\u00e3o de autoria dos vereadores Luiz Fernando do Nascimento Faria e Paulo Vitor da Silva</i></p>\r\n<p><i><br /></i></p>\r\n<p><i><a class=\"external-link\" href=\"https://quatis.rj.leg.br/institucional/fotos/homenagem-as-mulheres\" target=\"_self\" title=\"\">GALERIA DE FOTOS - CLIQUE AQUI\u00a0</a><br /><a href=\"https://www.quatis.rj.leg.br/institucional/fotos/homenagem-as-mulheres\">https://quatis.rj.leg.br/institucional/fotos/homenagem-as-mulheres</a></i></p>", "author_name": "", "version": "1.0", "author_url": "https://www.quatis.rj.leg.br/author/adm", "provider_name": "C\u00e2mara Municipal de Quatis", "type": "rich"}