{"provider_url": "https://www.quatis.rj.leg.br", "title": "Homenagem aos bailarinos quatienses ", "html": "<p>\u00a0</p>\r\n<p><span>Na 69\u00aa Sess\u00e3o Ordin\u00e1ria de 04/10/2018 foi entregue mo\u00e7\u00e3o de congratula\u00e7\u00e3o aos jovens quatienses do Grupo Jazz, membros da Funda\u00e7\u00e3o Porto Real, que conseguiram o 1\u00ba lugar no Concurso Internacional de Dan\u00e7a realizado em Cabo Frio/RJ, acompanhados do professor Silas Lopes e da diretora geral Em\u00edlia Prota Bernardelli, os bailarinos foram agraciados no plen\u00e1rio da Casa de Leis:</span></p>\r\n<p><span><br /></span></p>\r\n<p>1 \u2013 Matheus Moreira de Souza (Solo livre e Jazz)</p>\r\n<p>2 \u2013 Bethania Teixeira Rodrigues (Jazz)</p>\r\n<p>3 \u2013 Catharina Noyma Machado (Jazz)</p>\r\n<p>4 \u2013 Tamires Camila de Moura Santos (Jazz)</p>\r\n<p>5 \u2013 Ramayana Aparecida Pereira Rodrigues (Jazz)</p>\r\n<p>6 \u2013 Maria Clara de Barros Claudino (Jazz)</p>\r\n<p>7 \u2013 Carlos Eduardo Lopes de Souza (Solo livre e Jazz)</p>\r\n<p>8 \u2013 Silas Lopes (Professor de Jazz) \u00a0</p>\r\n<p>\u00a0</p>\r\n<p>A C\u00e2mara Municipal de Quatis parabeniza os jovens bailarinos e agradece a Funda\u00e7\u00e3o Porto Real pelo excelente trabalho desenvolvido.</p>\r\n<p>Requerimento n\u00ba 100/2018 de autoria do vereador Alu\u00edsio Max Alves d\u2019Elias com subscri\u00e7\u00e3o de todos os vereadores.\u00a0</p>\r\n<p><a class=\"external-link\" href=\"https://quatis.rj.leg.br/institucional/fotos/homenagem-aos-bailarinos-quatienses\" target=\"_self\" title=\"\">GALERIA COM TODAS AS FOTOS (CLIQUE AQUI)\u00a0</a></p>", "author_name": "", "version": "1.0", "author_url": "https://www.quatis.rj.leg.br/author/adm", "provider_name": "C\u00e2mara Municipal de Quatis", "type": "rich"}