{"provider_url": "https://www.quatis.rj.leg.br", "title": "Ato de Posse de Transmiss\u00e3o de Cargo", "html": "<p>Nesta segunda-feira, dia 03 de janeiro de 2022, foi realizado o ato de assinatura do termo de transmiss\u00e3o de cargos da mesa executiva para a 2\u00aa Sess\u00e3o Legislativa (2022) da 8\u00aa Legislatura.</p>\r\n<p>\u00a0\u00a0\u00a0\u00a0\u00a0\u00a0\u00a0\u00a0\u00a0\u00a0\u00a0 Comp\u00f5em a nova mesa, o vereador Willian de Carvalho Ros\u00e1rio \u2013 Presidente, o vereador Andr\u00e9 Gomes Martins \u2013 1\u00ba Vice-Presidente, o vereador Alex Miller Alves d\u2019Elias \u2013 2\u00ba Vice-Presidente, o vereador Carlos Alberto Lopes Reygio \u2013 1\u00ba Secret\u00e1rio e o vereador Luiz Fernando do Nascimento Faria \u2013 2\u00ba Secret\u00e1rio. Ap\u00f3s assinatura do referido termo, falaram as autoridades presentes, o Exmo. Sr. Paulo Vitor da Silva \u2013 Vice-Prefeito de Quatis e a Exma. Sr.\u00aa F\u00e1tima Lima \u2013 Vice-Prefeita de Barra Mansa seguida da fala dos vereadores.</p>\r\n<p>\u00a0\u00a0\u00a0\u00a0\u00a0\u00a0\u00a0\u00a0\u00a0\u00a0\u00a0 Em sua fala o novo presidente da C\u00e2mara ressaltou uni\u00e3o entre os munic\u00edpios e como a Vice-Prefeita F\u00e1tima o influenciou e inspirou em sua carreira pol\u00edtica.</p>\r\n<p>\u00a0\u00a0\u00a0\u00a0\u00a0\u00a0\u00a0\u00a0\u00a0\u00a0\u00a0 O ato foi encerrado, pela Poeta e Escritora Luciene, Nascimento, representante da Comunidade Quatiense. A C\u00e2mara Municipal de Quatis estar\u00e1 trabalhando em conjunto para atender e levar o melhor para a popula\u00e7\u00e3o.</p>", "author_name": "", "version": "1.0", "author_url": "https://www.quatis.rj.leg.br/author/adm", "provider_name": "C\u00e2mara Municipal de Quatis", "type": "rich"}